{"id":25234,"date":"2026-08-06T11:03:00","date_gmt":"2026-08-06T11:03:00","guid":{"rendered":"https:\/\/www.gopopup.com\/magazine\/semana-de-la-moda-de-milan-2026-fechas-clave-las-mejores-zonas-para-las-tiendas-pop-up-y-lo-que-las-marcas-deberian-planificar-con-antelacion\/"},"modified":"2026-07-10T11:46:24","modified_gmt":"2026-07-10T11:46:24","slug":"milan-fashion-week","status":"publish","type":"post","link":"https:\/\/www.gopopup.com\/es\/magazine\/milan-fashion-week\/","title":{"rendered":"Fashion Week Mil\u00e1n 2026: fechas clave, las mejores zonas para las tiendas pop-up y lo que las marcas deber\u00edan planificar con antelaci\u00f3n"},"content":{"rendered":"\n<p class=\"wp-block-paragraph\">La Fashion Week de Mil\u00e1n sigue siendo uno de los momentos m\u00e1s estrat\u00e9gicos del a\u00f1o para las marcas que buscan ganar visibilidad en uno de los ecosistemas de venta al por menor de lujo m\u00e1s s\u00f3lidos de Europa.<\/p>\n\n\n\n<p class=\"wp-block-paragraph\">Para muchas marcas internacionales, conocer el calendario oficial es solo el primer paso. En la pr\u00e1ctica, la verdadera presi\u00f3n empieza antes, cuando los espacios temporales de alta gama empiezan a escasear y la elecci\u00f3n del barrio se convierte en una decisi\u00f3n empresarial estrat\u00e9gica, en lugar de una simple b\u00fasqueda de local. <\/p>\n\n\n\n<p class=\"wp-block-paragraph\">Si est\u00e1s buscando <strong>las fechas<\/strong> de <strong>la Fashion Week de Mil\u00e1n de Mil\u00e1n 2026<\/strong>, los cuatro periodos principales a tener en cuenta son enero, febrero, junio y septiembre. Para las marcas que est\u00e9n pensando en montar una tienda temporal, un showroom o un evento privado, la verdadera pregunta no es solo cu\u00e1ndo se celebra la Semana de la Moda de Mil\u00e1n, sino qu\u00e9 edici\u00f3n se ajusta mejor a sus objetivos y con cu\u00e1nta antelaci\u00f3n deben tomarse las decisiones sobre la ubicaci\u00f3n. Seg\u00fan el calendario publicado por la Camera Nazionale della Moda Italiana, la edici\u00f3n de mujer Oto\u00f1o\/Invierno 2026-2027 se celebra del <strong>24 de febrero al 2 de marzo de 2026<\/strong>, mientras que el calendario de moda masculina Oto\u00f1o\/Invierno empieza antes, en enero.<\/p>\n\n\n\n<figure class=\"wp-block-image size-large\"><a href=\"https:\/\/www.gopopup.com\/wp-content\/uploads\/2026\/04\/Milan-fashion-week-2026-1024x683.png\"><img loading=\"lazy\" decoding=\"async\" width=\"1024\" height=\"683\" src=\"https:\/\/www.gopopup.com\/wp-content\/uploads\/2026\/04\/Milan-fashion-week-2026-1024x683.png\" alt=\"\" class=\"wp-image-24730\" srcset=\"https:\/\/www.gopopup.com\/wp-content\/uploads\/2026\/04\/Milan-fashion-week-2026-1024x683.png 1024w, https:\/\/www.gopopup.com\/wp-content\/uploads\/2026\/04\/Milan-fashion-week-2026-300x200.png 300w, https:\/\/www.gopopup.com\/wp-content\/uploads\/2026\/04\/Milan-fashion-week-2026-768x512.png 768w, https:\/\/www.gopopup.com\/wp-content\/uploads\/2026\/04\/Milan-fashion-week-2026.png 1536w\" sizes=\"auto, (max-width: 1024px) 100vw, 1024px\" \/><\/a><\/figure>\n\n\n\n<div id=\"ez-toc-container\" class=\"ez-toc-v2_0_85 counter-hierarchy ez-toc-counter ez-toc-grey ez-toc-container-direction\">\n<div class=\"ez-toc-title-container\">\n<p class=\"ez-toc-title\" style=\"cursor:inherit\">Table of Contents<\/p>\n<span class=\"ez-toc-title-toggle\"><a href=\"#\" class=\"ez-toc-pull-right ez-toc-btn ez-toc-btn-xs ez-toc-btn-default ez-toc-toggle\" aria-label=\"Alternar tabla de contenidos\"><span class=\"ez-toc-js-icon-con\"><span class=\"\"><span class=\"eztoc-hide\" style=\"display:none;\">Toggle<\/span><span class=\"ez-toc-icon-toggle-span\"><svg style=\"fill: #999;color:#999\" xmlns=\"http:\/\/www.w3.org\/2000\/svg\" class=\"list-377408\" width=\"20px\" height=\"20px\" viewBox=\"0 0 24 24\" fill=\"none\"><path d=\"M6 6H4v2h2V6zm14 0H8v2h12V6zM4 11h2v2H4v-2zm16 0H8v2h12v-2zM4 16h2v2H4v-2zm16 0H8v2h12v-2z\" fill=\"currentColor\"><\/path><\/svg><svg style=\"fill: #999;color:#999\" class=\"arrow-unsorted-368013\" xmlns=\"http:\/\/www.w3.org\/2000\/svg\" width=\"10px\" height=\"10px\" viewBox=\"0 0 24 24\" version=\"1.2\" baseProfile=\"tiny\"><path d=\"M18.2 9.3l-6.2-6.3-6.2 6.3c-.2.2-.3.4-.3.7s.1.5.3.7c.2.2.4.3.7.3h11c.3 0 .5-.1.7-.3.2-.2.3-.5.3-.7s-.1-.5-.3-.7zM5.8 14.7l6.2 6.3 6.2-6.3c.2-.2.3-.5.3-.7s-.1-.5-.3-.7c-.2-.2-.4-.3-.7-.3h-11c-.3 0-.5.1-.7.3-.2.2-.3.5-.3.7s.1.5.3.7z\"\/><\/svg><\/span><\/span><\/span><\/a><\/span><\/div>\n<nav><ul class='ez-toc-list ez-toc-list-level-1 ' ><li class='ez-toc-page-1 ez-toc-heading-level-2'><a class=\"ez-toc-link ez-toc-heading-1\" href=\"https:\/\/www.gopopup.com\/es\/magazine\/milan-fashion-week\/#Las_fechas_de_la_Fashion_Week_de_Milan_2026_de_un_vistazo\" >Las fechas de la Fashion Week de Mil\u00e1n 2026 de un vistazo<\/a><\/li><li class='ez-toc-page-1 ez-toc-heading-level-2'><a class=\"ez-toc-link ez-toc-heading-2\" href=\"https:\/\/www.gopopup.com\/es\/magazine\/milan-fashion-week\/#Por_que_la_Semana_de_la_Moda_de_Milan_es_importante_mas_alla_del_calendario_oficial\" >Por qu\u00e9 la Semana de la Moda de Mil\u00e1n es importante m\u00e1s all\u00e1 del calendario oficial<\/a><\/li><li class='ez-toc-page-1 ez-toc-heading-level-2'><a class=\"ez-toc-link ez-toc-heading-3\" href=\"https:\/\/www.gopopup.com\/es\/magazine\/milan-fashion-week\/#%C2%BFQue_sesion_de_la_Fashion_Week_de_Milan_es_la_mas_relevante_para_tu_marca\" >\u00bfQu\u00e9 sesi\u00f3n de la Fashion Week de Mil\u00e1n es la m\u00e1s relevante para tu marca?<\/a><ul class='ez-toc-list-level-3' ><li class='ez-toc-heading-level-3'><a class=\"ez-toc-link ez-toc-heading-4\" href=\"https:\/\/www.gopopup.com\/es\/magazine\/milan-fashion-week\/#Enero_moda_masculina_y_los_primeros_pasos_de_la_industria\" >Enero: moda masculina y los primeros pasos de la industria<\/a><\/li><li class='ez-toc-page-1 ez-toc-heading-level-3'><a class=\"ez-toc-link ez-toc-heading-5\" href=\"https:\/\/www.gopopup.com\/es\/magazine\/milan-fashion-week\/#Febrero_el_mes_con_mayor_concentracion_de_marcas_de_lujo\" >Febrero: el mes con mayor concentraci\u00f3n de marcas de lujo<\/a><\/li><li class='ez-toc-page-1 ez-toc-heading-level-3'><a class=\"ez-toc-link ez-toc-heading-6\" href=\"https:\/\/www.gopopup.com\/es\/magazine\/milan-fashion-week\/#Junio_ropa_de_hombre_y_calendario_de_actividades_selectivas\" >Junio: ropa de hombre y calendario de actividades selectivas<\/a><\/li><li class='ez-toc-page-1 ez-toc-heading-level-3'><a class=\"ez-toc-link ez-toc-heading-7\" href=\"https:\/\/www.gopopup.com\/es\/magazine\/milan-fashion-week\/#Septiembre_el_mayor_impulso_del_comercio_minorista_a_nivel_mundial\" >Septiembre: el mayor impulso del comercio minorista a nivel mundial<\/a><\/li><\/ul><\/li><li class='ez-toc-page-1 ez-toc-heading-level-2'><a class=\"ez-toc-link ez-toc-heading-8\" href=\"https:\/\/www.gopopup.com\/es\/magazine\/milan-fashion-week\/#Las_mejores_zonas_de_Milan_para_las_tiendas_pop-up_durante_la_Semana_de_la_Moda\" >Las mejores zonas de Mil\u00e1n para las tiendas pop-up durante la Semana de la Moda<\/a><ul class='ez-toc-list-level-3' ><li class='ez-toc-heading-level-3'><a class=\"ez-toc-link ez-toc-heading-9\" href=\"https:\/\/www.gopopup.com\/es\/magazine\/milan-fashion-week\/#Cuadrilatero_de_la_Moda\" >Cuadril\u00e1tero de la Moda<\/a><\/li><li class='ez-toc-page-1 ez-toc-heading-level-3'><a class=\"ez-toc-link ez-toc-heading-10\" href=\"https:\/\/www.gopopup.com\/es\/magazine\/milan-fashion-week\/#Brera\" >Brera<\/a><\/li><li class='ez-toc-page-1 ez-toc-heading-level-3'><a class=\"ez-toc-link ez-toc-heading-11\" href=\"https:\/\/www.gopopup.com\/es\/magazine\/milan-fashion-week\/#Tortona\" >Tortona<\/a><\/li><li class='ez-toc-page-1 ez-toc-heading-level-3'><a class=\"ez-toc-link ez-toc-heading-12\" href=\"https:\/\/www.gopopup.com\/es\/magazine\/milan-fashion-week\/#Alternativas_centradas_en_la_sala_de_exposicion_segun_tu_objetivo\" >Alternativas centradas en la sala de exposici\u00f3n, seg\u00fan tu objetivo<\/a><\/li><\/ul><\/li><li class='ez-toc-page-1 ez-toc-heading-level-2'><a class=\"ez-toc-link ez-toc-heading-13\" href=\"https:\/\/www.gopopup.com\/es\/magazine\/milan-fashion-week\/#Comparativa_de_los_mejores_barrios\" >Comparativa de los mejores barrios<\/a><\/li><li class='ez-toc-page-1 ez-toc-heading-level-2'><a class=\"ez-toc-link ez-toc-heading-14\" href=\"https:\/\/www.gopopup.com\/es\/magazine\/milan-fashion-week\/#Descubre_los_espacios_de_Milan_para_las_actividades_de_la_Fashion_Week\" >Descubre los espacios de Mil\u00e1n para las actividades de la Fashion Week<\/a><\/li><li class='ez-toc-page-1 ez-toc-heading-level-2'><a class=\"ez-toc-link ez-toc-heading-15\" href=\"https:\/\/www.gopopup.com\/es\/magazine\/milan-fashion-week\/#%C2%BFTienda_pop-up_sala_de_exposicion_o_evento_privado_%C2%BFQue_formato_se_adapta_mejor_a_tu_objetivo\" >\u00bfTienda pop-up, sala de exposici\u00f3n o evento privado? \u00bfQu\u00e9 formato se adapta mejor a tu objetivo?<\/a><\/li><li class='ez-toc-page-1 ez-toc-heading-level-2'><a class=\"ez-toc-link ez-toc-heading-16\" href=\"https:\/\/www.gopopup.com\/es\/magazine\/milan-fashion-week\/#%C2%BFCon_cuanta_antelacion_deberian_las_marcas_reservar_su_espacio_para_la_Fashion_Week_de_Milan_de_2026\" >\u00bfCon cu\u00e1nta antelaci\u00f3n deber\u00edan las marcas reservar su espacio para la Fashion Week de Mil\u00e1n de 2026?<\/a><\/li><li class='ez-toc-page-1 ez-toc-heading-level-2'><a class=\"ez-toc-link ez-toc-heading-17\" href=\"https:\/\/www.gopopup.com\/es\/magazine\/milan-fashion-week\/#Lo_que_las_marcas_suelen_subestimar_a_la_hora_de_planificar_la_Fashion_Week_de_Milan\" >Lo que las marcas suelen subestimar a la hora de planificar la Fashion Week de Mil\u00e1n<\/a><\/li><li class='ez-toc-page-1 ez-toc-heading-level-2'><a class=\"ez-toc-link ez-toc-heading-18\" href=\"https:\/\/www.gopopup.com\/es\/magazine\/milan-fashion-week\/#%C2%BFPor_que_es_importante_la_ejecucion_local_en_Milan\" >\u00bfPor qu\u00e9 es importante la ejecuci\u00f3n local en Mil\u00e1n?<\/a><\/li><li class='ez-toc-page-1 ez-toc-heading-level-2'><a class=\"ez-toc-link ez-toc-heading-19\" href=\"https:\/\/www.gopopup.com\/es\/magazine\/milan-fashion-week\/#Estamos_planeando_una_actividad_para_la_Fashion_Week_de_Milan_en_2026\" >Estamos planeando una actividad para la Fashion Week de Mil\u00e1n en 2026<\/a><\/li><li class='ez-toc-page-1 ez-toc-heading-level-2'><a class=\"ez-toc-link ez-toc-heading-20\" href=\"https:\/\/www.gopopup.com\/es\/magazine\/milan-fashion-week\/#Preguntas_frecuentes_Fashion_Week_de_Milan_de_2026_para_marcas\" >Preguntas frecuentes: Fashion Week de Mil\u00e1n de 2026 para marcas<\/a><ul class='ez-toc-list-level-3' ><li class='ez-toc-heading-level-3'><a class=\"ez-toc-link ez-toc-heading-21\" href=\"https:\/\/www.gopopup.com\/es\/magazine\/milan-fashion-week\/#%C2%BFCuando_es_la_Fashion_Week_de_Milan_de_Milan_de_2026\" >\u00bfCu\u00e1ndo es la Fashion Week de Mil\u00e1n de Mil\u00e1n de 2026?<\/a><\/li><li class='ez-toc-page-1 ez-toc-heading-level-3'><a class=\"ez-toc-link ez-toc-heading-22\" href=\"https:\/\/www.gopopup.com\/es\/magazine\/milan-fashion-week\/#%C2%BFQue_edicion_suele_funcionar_mejor_para_una_tienda_pop-up\" >\u00bfQu\u00e9 edici\u00f3n suele funcionar mejor para una tienda pop-up?<\/a><\/li><li class='ez-toc-page-1 ez-toc-heading-level-3'><a class=\"ez-toc-link ez-toc-heading-23\" href=\"https:\/\/www.gopopup.com\/es\/magazine\/milan-fashion-week\/#%C2%BFCuando_deberian_empezar_a_planificarlo_las_marcas\" >\u00bfCu\u00e1ndo deber\u00edan empezar a planificarlo las marcas?<\/a><\/li><li class='ez-toc-page-1 ez-toc-heading-level-3'><a class=\"ez-toc-link ez-toc-heading-24\" href=\"https:\/\/www.gopopup.com\/es\/magazine\/milan-fashion-week\/#%C2%BFQue_es_mejor_una_sala_de_exposicion_o_una_tienda_temporal\" >\u00bfQu\u00e9 es mejor, una sala de exposici\u00f3n o una tienda temporal?<\/a><\/li><\/ul><\/li><li class='ez-toc-page-1 ez-toc-heading-level-2'><a class=\"ez-toc-link ez-toc-heading-25\" href=\"https:\/\/www.gopopup.com\/es\/magazine\/milan-fashion-week\/#Referencias_utiles_y_lecturas_recomendadas\" >Referencias \u00fatiles y lecturas recomendadas<\/a><\/li><\/ul><\/nav><\/div>\n<h2 class=\"wp-block-heading\"><span class=\"ez-toc-section\" id=\"Las_fechas_de_la_Fashion_Week_de_Milan_2026_de_un_vistazo\"><\/span><strong>Las fechas de la Fashion Week de Mil\u00e1n 2026 de un vistazo<\/strong><span class=\"ez-toc-section-end\"><\/span><\/h2>\n\n\n\n<figure class=\"wp-block-table\"><table class=\"has-fixed-layout\"><tbody><tr><td><strong>Sesi\u00f3n<\/strong><\/td><td><strong>Fechas<\/strong><\/td><td><strong>Por qu\u00e9 es importante para las marcas<\/strong><\/td><\/tr><tr><td>Moda masculina oto\u00f1o\/invierno 2026\u20132027<\/td><td>Del 16 al 20 de enero de 2026<\/td><td>Los inicios de la moda masculina y la actividad en las salas de exposici\u00f3n<\/td><\/tr><tr><td>Moda femenina oto\u00f1o\/invierno 2026\u20132027<\/td><td>Del 24 de febrero al 2 de marzo de 2026<\/td><td>La mayor visibilidad en el sector del lujo<\/td><\/tr><tr><td>Moda masculina Primavera\/Verano 2027<\/td><td>Del 19 al 23 de junio de 2026<\/td><td>La visibilidad de la moda masculina y el impulso del sector<\/td><\/tr><tr><td>Moda femenina Primavera\/Verano 2027<\/td><td>Del 22 al 28 de septiembre de 2026<\/td><td>Gran presi\u00f3n por parte de las grandes cadenas internacionales de distribuci\u00f3n<\/td><\/tr><\/tbody><\/table><\/figure>\n\n\n\n<p class=\"wp-block-paragraph\">Para muchas marcas, febrero y septiembre son los dos periodos que generan mayor presi\u00f3n en el sector de las tiendas temporales de gama alta, ya que coinciden con la mayor concentraci\u00f3n de compradores internacionales, prensa y actividad relacionada con el sector del lujo en toda la ciudad.<\/p>\n\n\n\n<p class=\"wp-block-paragraph\">Pero m\u00e1s all\u00e1 de las fechas, lo que suele marcar la diferencia es entender c\u00f3mo se mueve realmente Mil\u00e1n durante esos d\u00edas y qu\u00e9 barrios te dan la perspectiva adecuada para cada proyecto.<\/p>\n\n\n\n<h2 class=\"wp-block-heading\"><span class=\"ez-toc-section\" id=\"Por_que_la_Semana_de_la_Moda_de_Milan_es_importante_mas_alla_del_calendario_oficial\"><\/span><strong>Por qu\u00e9 la Semana de la Moda de Mil\u00e1n es importante m\u00e1s all\u00e1 del calendario oficial<\/strong><span class=\"ez-toc-section-end\"><\/span><\/h2>\n\n\n\n<p class=\"wp-block-paragraph\">Mil\u00e1n se comporta de forma diferente a muchas capitales de la moda.<\/p>\n\n\n\n<p class=\"wp-block-paragraph\">La ciudad concentra a los compradores, los grupos de lujo, la atenci\u00f3n de los medios y la actividad de las tiendas de exposici\u00f3n de una forma mucho m\u00e1s centrada en los barrios que en Par\u00eds o Londres. Esto significa que las decisiones sobre el comercio minorista temporal suelen depender menos del calendario en s\u00ed y m\u00e1s de si la marca busca visibilidad en el sector del lujo, proximidad a los mayoristas, posicionamiento cultural o pruebas de mercado. <\/p>\n\n\n\n<p class=\"wp-block-paragraph\">Una acci\u00f3n bien planificada durante la Fashion Week de Mil\u00e1n puede servir para alcanzar objetivos muy distintos:<\/p>\n\n\n\n<ul class=\"wp-block-list\">\n<li>reforzar la percepci\u00f3n de lujo<\/li>\n\n\n\n<li>organizar citas selectivas<\/li>\n\n\n\n<li>generar inter\u00e9s medi\u00e1tico<\/li>\n\n\n\n<li>evaluar la demanda local en uno de los entornos de venta al por menor de lujo m\u00e1s concentrados de Europa<\/li>\n<\/ul>\n\n\n\n<figure data-wp-context=\"{&quot;imageId&quot;:&quot;6a9a8d25b188a&quot;}\" data-wp-interactive=\"core\/image\" data-wp-key=\"6a9a8d25b188a\" class=\"wp-block-image aligncenter size-large is-resized wp-lightbox-container\"><img decoding=\"async\" data-wp-class--hide=\"state.isContentHidden\" data-wp-class--show=\"state.isContentVisible\" data-wp-init=\"callbacks.setButtonStyles\" data-wp-on--click=\"actions.showLightbox\" data-wp-on--load=\"callbacks.setButtonStyles\" data-wp-on--pointerdown=\"actions.preloadImage\" data-wp-on--pointerenter=\"actions.preloadImageWithDelay\" data-wp-on--pointerleave=\"actions.cancelPreload\" data-wp-on-window--resize=\"callbacks.setButtonStyles\" src=\"https:\/\/www.gopopup.com\/wp-content\/uploads\/2026\/04\/pexels-mihaela-claudia-puscas-836545137-32981651-1024x684.jpg\" alt=\"\" class=\"wp-image-24731\" style=\"width:593px;height:auto\"\/><button\n\t\t\tclass=\"lightbox-trigger\"\n\t\t\ttype=\"button\"\n\t\t\taria-haspopup=\"dialog\"\n\t\t\tdata-wp-bind--aria-label=\"state.thisImage.triggerButtonAriaLabel\"\n\t\t\tdata-wp-init=\"callbacks.initTriggerButton\"\n\t\t\tdata-wp-on--click=\"actions.showLightbox\"\n\t\t\tdata-wp-style--right=\"state.thisImage.buttonRight\"\n\t\t\tdata-wp-style--top=\"state.thisImage.buttonTop\"\n\t\t>\n\t\t\t<svg xmlns=\"http:\/\/www.w3.org\/2000\/svg\" width=\"12\" height=\"12\" fill=\"none\" viewBox=\"0 0 12 12\">\n\t\t\t\t<path fill=\"#fff\" d=\"M2 0a2 2 0 0 0-2 2v2h1.5V2a.5.5 0 0 1 .5-.5h2V0H2Zm2 10.5H2a.5.5 0 0 1-.5-.5V8H0v2a2 2 0 0 0 2 2h2v-1.5ZM8 12v-1.5h2a.5.5 0 0 0 .5-.5V8H12v2a2 2 0 0 1-2 2H8Zm2-12a2 2 0 0 1 2 2v2h-1.5V2a.5.5 0 0 0-.5-.5H8V0h2Z\" \/>\n\t\t\t<\/svg>\n\t\t<\/button><\/figure>\n\n\n\n<h2 class=\"wp-block-heading\"><span class=\"ez-toc-section\" id=\"%C2%BFQue_sesion_de_la_Fashion_Week_de_Milan_es_la_mas_relevante_para_tu_marca\"><\/span><strong>\u00bfQu\u00e9 sesi\u00f3n de la Fashion Week de Mil\u00e1n es la m\u00e1s relevante para tu marca?<\/strong><span class=\"ez-toc-section-end\"><\/span><\/h2>\n\n\n\n<p class=\"wp-block-paragraph\">No todas las ediciones de la Fashion Week de Mil\u00e1n de Mil\u00e1n ofrecen el mismo tipo de oportunidades ni responden al mismo objetivo de marca.<\/p>\n\n\n\n<p class=\"wp-block-paragraph\">Aunque el calendario oficial establece cuatro momentos clave cada a\u00f1o, en la pr\u00e1ctica cada edici\u00f3n da lugar a una din\u00e1mica urbana diferente: el perfil de los asistentes cambia, la presi\u00f3n se desplaza de un barrio a otro y los formatos que mejor funcionan tambi\u00e9n var\u00edan.<\/p>\n\n\n\n<p class=\"wp-block-paragraph\">Para las marcas que buscan visibilidad, reuniones comerciales o una primera activaci\u00f3n en Mil\u00e1n, entender estas diferencias suele ser m\u00e1s \u00fatil que limitarse a fijarse en las fechas.<\/p>\n\n\n\n<h3 class=\"wp-block-heading\"><span class=\"ez-toc-section\" id=\"Enero_moda_masculina_y_los_primeros_pasos_de_la_industria\"><\/span><strong>Enero: moda masculina y los primeros pasos de la industria<\/strong><span class=\"ez-toc-section-end\"><\/span><\/h3>\n\n\n\n<p class=\"wp-block-paragraph\">En enero suelen participar marcas relacionadas con la moda masculina, los accesorios y el segmento de gama alta que quieren formar parte de la conversaci\u00f3n en un entorno m\u00e1s profesional y con menos exposici\u00f3n p\u00fablica.<\/p>\n\n\n\n<p class=\"wp-block-paragraph\">Es especialmente relevante para los formatos de sala de exposici\u00f3n, las presentaciones privadas o las actividades promocionales en las que la calidad del contacto es m\u00e1s importante que el tr\u00e1fico a nivel de toda la ciudad.<\/p>\n\n\n\n<h3 class=\"wp-block-heading\"><span class=\"ez-toc-section\" id=\"Febrero_el_mes_con_mayor_concentracion_de_marcas_de_lujo\"><\/span><strong>Febrero: el mes con mayor concentraci\u00f3n de marcas de lujo<\/strong><span class=\"ez-toc-section-end\"><\/span><\/h3>\n\n\n\n<p class=\"wp-block-paragraph\">Para muchas marcas, febrero sigue siendo el momento m\u00e1s estrat\u00e9gico del a\u00f1o en Mil\u00e1n.<\/p>\n\n\n\n<p class=\"wp-block-paragraph\">La edici\u00f3n dedicada a la moda femenina re\u00fane lo mejor del sector del lujo de la ciudad: compradores internacionales, prensa especializada, showrooms, las principales casas de moda y una demanda mucho mayor de locales de alta gama en los barrios m\u00e1s solicitados.<\/p>\n\n\n\n<p class=\"wp-block-paragraph\">En este caso, la elecci\u00f3n del barrio cobra mucha m\u00e1s importancia, porque peque\u00f1as diferencias en la ubicaci\u00f3n pueden cambiar por completo la forma en que se percibe una activaci\u00f3n.<\/p>\n\n\n\n<h3 class=\"wp-block-heading\"><span class=\"ez-toc-section\" id=\"Junio_ropa_de_hombre_y_calendario_de_actividades_selectivas\"><\/span><strong>Junio: ropa de hombre y calendario de actividades selectivas<\/strong><span class=\"ez-toc-section-end\"><\/span><\/h3>\n\n\n\n<p class=\"wp-block-paragraph\">El mes de junio suele funcionar bien para las marcas de ropa de hombre o para categor\u00edas que encajan mejor en un contexto comercial m\u00e1s controlado.<\/p>\n\n\n\n<p class=\"wp-block-paragraph\">La ciudad sigue en plena actividad, pero con un ritmo menos fren\u00e9tico que en febrero o septiembre, lo que en algunos casos permite formatos m\u00e1s controlados o decisiones un poco m\u00e1s flexibles.<\/p>\n\n\n\n<h3 class=\"wp-block-heading\"><span class=\"ez-toc-section\" id=\"Septiembre_el_mayor_impulso_del_comercio_minorista_a_nivel_mundial\"><\/span><strong>Septiembre: el mayor impulso del comercio minorista a nivel mundial<\/strong><span class=\"ez-toc-section-end\"><\/span><\/h3>\n\n\n\n<p class=\"wp-block-paragraph\">Septiembre vuelve a ser uno de los momentos m\u00e1s importantes del a\u00f1o.<\/p>\n\n\n\n<p class=\"wp-block-paragraph\">La ciudad vuelve a acoger una gran concentraci\u00f3n internacional, y muchas marcas aprovechan esta edici\u00f3n para lanzar nuevas historias, generar repercusi\u00f3n antes de que acabe el a\u00f1o o probar su presencia en uno de los ecosistemas del lujo m\u00e1s destacados de Europa.<\/p>\n\n\n\n<figure data-wp-context=\"{&quot;imageId&quot;:&quot;6a9a8d25b2d23&quot;}\" data-wp-interactive=\"core\/image\" data-wp-key=\"6a9a8d25b2d23\" class=\"wp-block-image aligncenter size-large wp-lightbox-container\"><img loading=\"lazy\" decoding=\"async\" width=\"1024\" height=\"683\" data-wp-class--hide=\"state.isContentHidden\" data-wp-class--show=\"state.isContentVisible\" data-wp-init=\"callbacks.setButtonStyles\" data-wp-on--click=\"actions.showLightbox\" data-wp-on--load=\"callbacks.setButtonStyles\" data-wp-on--pointerdown=\"actions.preloadImage\" data-wp-on--pointerenter=\"actions.preloadImageWithDelay\" data-wp-on--pointerleave=\"actions.cancelPreload\" data-wp-on-window--resize=\"callbacks.setButtonStyles\" src=\"https:\/\/www.gopopup.com\/wp-content\/uploads\/2026\/04\/Which-milan-fashion-week-edition-1024x683.jpg\" alt=\"\" class=\"wp-image-24732\" srcset=\"https:\/\/www.gopopup.com\/wp-content\/uploads\/2026\/04\/Which-milan-fashion-week-edition-1024x683.jpg 1024w, https:\/\/www.gopopup.com\/wp-content\/uploads\/2026\/04\/Which-milan-fashion-week-edition-300x200.jpg 300w, https:\/\/www.gopopup.com\/wp-content\/uploads\/2026\/04\/Which-milan-fashion-week-edition-768x512.jpg 768w, https:\/\/www.gopopup.com\/wp-content\/uploads\/2026\/04\/Which-milan-fashion-week-edition.jpg 1536w\" sizes=\"auto, (max-width: 1024px) 100vw, 1024px\" \/><button\n\t\t\tclass=\"lightbox-trigger\"\n\t\t\ttype=\"button\"\n\t\t\taria-haspopup=\"dialog\"\n\t\t\tdata-wp-bind--aria-label=\"state.thisImage.triggerButtonAriaLabel\"\n\t\t\tdata-wp-init=\"callbacks.initTriggerButton\"\n\t\t\tdata-wp-on--click=\"actions.showLightbox\"\n\t\t\tdata-wp-style--right=\"state.thisImage.buttonRight\"\n\t\t\tdata-wp-style--top=\"state.thisImage.buttonTop\"\n\t\t>\n\t\t\t<svg xmlns=\"http:\/\/www.w3.org\/2000\/svg\" width=\"12\" height=\"12\" fill=\"none\" viewBox=\"0 0 12 12\">\n\t\t\t\t<path fill=\"#fff\" d=\"M2 0a2 2 0 0 0-2 2v2h1.5V2a.5.5 0 0 1 .5-.5h2V0H2Zm2 10.5H2a.5.5 0 0 1-.5-.5V8H0v2a2 2 0 0 0 2 2h2v-1.5ZM8 12v-1.5h2a.5.5 0 0 0 .5-.5V8H12v2a2 2 0 0 1-2 2H8Zm2-12a2 2 0 0 1 2 2v2h-1.5V2a.5.5 0 0 0-.5-.5H8V0h2Z\" \/>\n\t\t\t<\/svg>\n\t\t<\/button><\/figure>\n\n\n\n<h2 class=\"wp-block-heading\"><span class=\"ez-toc-section\" id=\"Las_mejores_zonas_de_Milan_para_las_tiendas_pop-up_durante_la_Semana_de_la_Moda\"><\/span><strong>Las mejores zonas de Mil\u00e1n para las tiendas pop-up durante la Semana de la Moda<\/strong><span class=\"ez-toc-section-end\"><\/span><\/h2>\n\n\n\n<p class=\"wp-block-paragraph\">Para elegir bien en Mil\u00e1n, rara vez se trata de elegir la direcci\u00f3n m\u00e1s famosa. Se trata de elegir el barrio que mejor se adapte a lo que buscas. <\/p>\n\n\n\n<h3 class=\"wp-block-heading\"><span class=\"ez-toc-section\" id=\"Cuadrilatero_de_la_Moda\"><\/span><strong>Cuadril\u00e1tero de la Moda<\/strong><span class=\"ez-toc-section-end\"><\/span><\/h3>\n\n\n\n<p class=\"wp-block-paragraph\">Sigue siendo la principal referencia para las marcas que buscan una asociaci\u00f3n inmediata con el lujo y una percepci\u00f3n premium muy clara desde el primer momento.<\/p>\n\n\n\n<p class=\"wp-block-paragraph\">Durante la Fashion Week de Mil\u00e1n, hay muy pocos lugares que tengan un efecto de posicionamiento tan directo. El barrio re\u00fane a algunas de las marcas m\u00e1s reconocidas del mundo de la moda, y el propio entorno urbano se convierte en parte del mensaje que transmite cualquier iniciativa.<\/p>\n\n\n\n<p class=\"wp-block-paragraph\">Para las marcas que buscan prestigio, visibilidad o estar cerca del circuito de lujo m\u00e1s consolidado de Mil\u00e1n, el Quadrilatero suele ser la opci\u00f3n m\u00e1s obvia. Precisamente por eso, los espacios de primera categor\u00eda se agotan aqu\u00ed antes que en cualquier otro sitio. <\/p>\n\n\n\n<h3 class=\"wp-block-heading\"><span class=\"ez-toc-section\" id=\"Brera\"><\/span><strong>Brera<\/strong><span class=\"ez-toc-section-end\"><\/span><\/h3>\n\n\n\n<p class=\"wp-block-paragraph\">Brera funciona especialmente bien cuando una marca busca sofisticaci\u00f3n, tr\u00e1fico cualificado y una interpretaci\u00f3n cultural menos directa que la del eje tradicional del lujo.<\/p>\n\n\n\n<p class=\"wp-block-paragraph\">Es una zona con una identidad milanesa muy reconocible y que suele resultar atractiva para proyectos que buscan un p\u00fablico de alto nivel sin recurrir \u00fanicamente a los c\u00f3digos cl\u00e1sicos del lujo.<\/p>\n\n\n\n<p class=\"wp-block-paragraph\">Muchas marcas encuentran aqu\u00ed un equilibrio perfecto entre visibilidad, un entorno de calidad y un ambiente que invita a la narraci\u00f3n.<\/p>\n\n\n\n<h3 class=\"wp-block-heading\"><span class=\"ez-toc-section\" id=\"Tortona\"><\/span><strong>Tortona<\/strong><span class=\"ez-toc-section-end\"><\/span><\/h3>\n\n\n\n<p class=\"wp-block-paragraph\">Tortona encaja mejor con activaciones creativas, conceptuales o experimentales.<\/p>\n\n\n\n<p class=\"wp-block-paragraph\">Es un \u00e1mbito en el que los formatos menos convencionales encajan a la perfecci\u00f3n y en el que muchas marcas tienen m\u00e1s libertad para crear experiencias con su propia personalidad.<\/p>\n\n\n\n<p class=\"wp-block-paragraph\">Durante la Fashion Week de Mil\u00e1n, suele atraer proyectos que dan prioridad a la narraci\u00f3n, la diferenciaci\u00f3n y la relevancia contempor\u00e1nea.<\/p>\n\n\n\n<h3 class=\"wp-block-heading\"><span class=\"ez-toc-section\" id=\"Alternativas_centradas_en_la_sala_de_exposicion_segun_tu_objetivo\"><\/span><strong>Alternativas centradas en la sala de exposici\u00f3n, seg\u00fan tu objetivo<\/strong><span class=\"ez-toc-section-end\"><\/span><\/h3>\n\n\n\n<p class=\"wp-block-paragraph\">Algunas marcas no deber\u00edan dar prioridad a la visibilidad del escaparate.<\/p>\n\n\n\n<p class=\"wp-block-paragraph\">Si lo que m\u00e1s te importa son las citas, los compradores o las reuniones selectivas, un local centrado en la sala de exposici\u00f3n, situado en el barrio adecuado, suele dar mejores resultados que un local comercial con escaparate a la calle.<\/p>\n\n\n\n<figure data-wp-context=\"{&quot;imageId&quot;:&quot;6a9a8d25b454d&quot;}\" data-wp-interactive=\"core\/image\" data-wp-key=\"6a9a8d25b454d\" class=\"wp-block-image aligncenter size-large is-resized wp-lightbox-container\"><img loading=\"lazy\" decoding=\"async\" width=\"1024\" height=\"683\" data-wp-class--hide=\"state.isContentHidden\" data-wp-class--show=\"state.isContentVisible\" data-wp-init=\"callbacks.setButtonStyles\" data-wp-on--click=\"actions.showLightbox\" data-wp-on--load=\"callbacks.setButtonStyles\" data-wp-on--pointerdown=\"actions.preloadImage\" data-wp-on--pointerenter=\"actions.preloadImageWithDelay\" data-wp-on--pointerleave=\"actions.cancelPreload\" data-wp-on-window--resize=\"callbacks.setButtonStyles\" src=\"https:\/\/www.gopopup.com\/wp-content\/uploads\/2026\/04\/Best-areas-in-milan-for-pop-ups-1024x683.jpg\" alt=\"\" class=\"wp-image-24733\" style=\"width:794px;height:auto\" srcset=\"https:\/\/www.gopopup.com\/wp-content\/uploads\/2026\/04\/Best-areas-in-milan-for-pop-ups-1024x683.jpg 1024w, https:\/\/www.gopopup.com\/wp-content\/uploads\/2026\/04\/Best-areas-in-milan-for-pop-ups-300x200.jpg 300w, https:\/\/www.gopopup.com\/wp-content\/uploads\/2026\/04\/Best-areas-in-milan-for-pop-ups-768x512.jpg 768w, https:\/\/www.gopopup.com\/wp-content\/uploads\/2026\/04\/Best-areas-in-milan-for-pop-ups.jpg 1536w\" sizes=\"auto, (max-width: 1024px) 100vw, 1024px\" \/><button\n\t\t\tclass=\"lightbox-trigger\"\n\t\t\ttype=\"button\"\n\t\t\taria-haspopup=\"dialog\"\n\t\t\tdata-wp-bind--aria-label=\"state.thisImage.triggerButtonAriaLabel\"\n\t\t\tdata-wp-init=\"callbacks.initTriggerButton\"\n\t\t\tdata-wp-on--click=\"actions.showLightbox\"\n\t\t\tdata-wp-style--right=\"state.thisImage.buttonRight\"\n\t\t\tdata-wp-style--top=\"state.thisImage.buttonTop\"\n\t\t>\n\t\t\t<svg xmlns=\"http:\/\/www.w3.org\/2000\/svg\" width=\"12\" height=\"12\" fill=\"none\" viewBox=\"0 0 12 12\">\n\t\t\t\t<path fill=\"#fff\" d=\"M2 0a2 2 0 0 0-2 2v2h1.5V2a.5.5 0 0 1 .5-.5h2V0H2Zm2 10.5H2a.5.5 0 0 1-.5-.5V8H0v2a2 2 0 0 0 2 2h2v-1.5ZM8 12v-1.5h2a.5.5 0 0 0 .5-.5V8H12v2a2 2 0 0 1-2 2H8Zm2-12a2 2 0 0 1 2 2v2h-1.5V2a.5.5 0 0 0-.5-.5H8V0h2Z\" \/>\n\t\t\t<\/svg>\n\t\t<\/button><\/figure>\n\n\n\n<figure class=\"wp-block-table\"><table class=\"has-fixed-layout\"><tbody><tr><td><strong>Zona<\/strong><\/td><td><strong>Ideal para<\/strong><\/td><td><strong>Perfil<\/strong><\/td><\/tr><tr><td>Cuadril\u00e1tero<\/td><td>lujo inmediato te cuento<\/td><td>premium<\/td><\/tr><tr><td>Brera<\/td><td>posicionamiento cultural<\/td><td>sofisticado<\/td><\/tr><tr><td>Tortona<\/td><td>creatividad<\/td><td>experimental<\/td><\/tr><\/tbody><\/table><\/figure>\n\n\n\n<h2 class=\"wp-block-heading\"><span class=\"ez-toc-section\" id=\"Comparativa_de_los_mejores_barrios\"><\/span>Comparativa de los mejores barrios<span class=\"ez-toc-section-end\"><\/span><\/h2>\n\n\n\n<figure class=\"wp-block-table\"><table class=\"has-fixed-layout\"><thead><tr><th>\u00c1rea<\/th><th>Ideal para<\/th><th>Perfil<\/th><\/tr><\/thead><tbody><tr><td>Cuadril\u00e1tero<\/td><td>lujo inmediato<\/td><td>premium<\/td><\/tr><tr><td>Brera<\/td><td>posicionamiento cultural<\/td><td>sofisticado<\/td><\/tr><tr><td>Tortona<\/td><td>creatividad<\/td><td>experimental<\/td><\/tr><\/tbody><\/table><\/figure>\n\n\n\n<h2 class=\"wp-block-heading\"><span class=\"ez-toc-section\" id=\"Descubre_los_espacios_de_Milan_para_las_actividades_de_la_Fashion_Week\"><\/span><strong>Descubre los espacios de Mil\u00e1n para las actividades de la Fashion Week<\/strong><span class=\"ez-toc-section-end\"><\/span><\/h2>\n\n\n\n<p class=\"wp-block-paragraph\">Si tu proyecto ya est\u00e1 pasando de la fase de investigaci\u00f3n a la de ejecuci\u00f3n, comparar espacios reales desde el principio suele dar lugar a mejores decisiones que esperar hasta que las fechas se acerquen.<\/p>\n\n\n\n<p class=\"wp-block-paragraph\">Colecciones recomendadas:<\/p>\n\n\n\n<ul class=\"wp-block-list\">\n<li><a href=\"https:\/\/app.gopopup.com\/en\/collection\/hire-event-venues-milan\" rel=\"noopener\">Espacios temporales en Mil\u00e1n<\/a><\/li>\n\n\n\n<li><a href=\"https:\/\/app.gopopup.com\/en\/collection\/pop-up-stores-milano\" rel=\"noopener\">Lugares para eventos en Mil\u00e1n<\/a><\/li>\n<\/ul>\n\n\n\n<figure class=\"wp-block-image aligncenter size-large is-resized\"><a href=\"https:\/\/app.gopopup.com\/es\/collection\/pop-up-stores-milano\" rel=\"noopener\"><img loading=\"lazy\" decoding=\"async\" width=\"1024\" height=\"581\" src=\"https:\/\/www.gopopup.com\/wp-content\/uploads\/2026\/04\/Captura-de-pantalla-2026-04-14-130444-1024x581.png\" alt=\"\" class=\"wp-image-24734\" style=\"width:974px;height:auto\" srcset=\"https:\/\/www.gopopup.com\/wp-content\/uploads\/2026\/04\/Captura-de-pantalla-2026-04-14-130444-1024x581.png 1024w, https:\/\/www.gopopup.com\/wp-content\/uploads\/2026\/04\/Captura-de-pantalla-2026-04-14-130444-300x170.png 300w, https:\/\/www.gopopup.com\/wp-content\/uploads\/2026\/04\/Captura-de-pantalla-2026-04-14-130444-768x436.png 768w, https:\/\/www.gopopup.com\/wp-content\/uploads\/2026\/04\/Captura-de-pantalla-2026-04-14-130444.png 1296w\" sizes=\"auto, (max-width: 1024px) 100vw, 1024px\" \/><\/a><\/figure>\n\n\n\n<h2 class=\"wp-block-heading\"><span class=\"ez-toc-section\" id=\"%C2%BFTienda_pop-up_sala_de_exposicion_o_evento_privado_%C2%BFQue_formato_se_adapta_mejor_a_tu_objetivo\"><\/span><strong><strong>\u00bfTienda pop-up, sala de exposici\u00f3n o evento privado? \u00bfQu\u00e9 formato se adapta mejor a tu objetivo?<\/strong><\/strong><span class=\"ez-toc-section-end\"><\/span><\/h2>\n\n\n\n<figure class=\"wp-block-table\"><table class=\"has-fixed-layout\"><tbody><tr><td class=\"has-text-align-center\" data-align=\"center\"><strong>Objetivo de la marca<\/strong><\/td><td class=\"has-text-align-center\" data-align=\"center\"><strong>El mejor formato<\/strong><\/td><\/tr><tr><td class=\"has-text-align-center\" data-align=\"center\">Visibilidad de lujo<\/td><td class=\"has-text-align-center\" data-align=\"center\">Ventana emergente<\/td><\/tr><tr><td class=\"has-text-align-center\" data-align=\"center\">Reuniones con compradores<\/td><td class=\"has-text-align-center\" data-align=\"center\">Sala de exposici\u00f3n<\/td><\/tr><tr><td class=\"has-text-align-center\" data-align=\"center\">Activaci\u00f3n de la prensa<\/td><td class=\"has-text-align-center\" data-align=\"center\">Espacio privado<\/td><\/tr><tr><td class=\"has-text-align-center\" data-align=\"center\">Entrada en el mercado<\/td><td class=\"has-text-align-center\" data-align=\"center\">Alquiler flexible a corto plazo para locales comerciales<\/td><\/tr><\/tbody><\/table><\/figure>\n\n\n\n<p class=\"wp-block-paragraph\">Un error muy com\u00fan es elegir el formato despu\u00e9s de elegir la ciudad. En Mil\u00e1n, el formato suele determinar qu\u00e9 barrio es el m\u00e1s adecuado. <\/p>\n\n\n\n<h2 class=\"wp-block-heading\"><span class=\"ez-toc-section\" id=\"%C2%BFCon_cuanta_antelacion_deberian_las_marcas_reservar_su_espacio_para_la_Fashion_Week_de_Milan_de_2026\"><\/span><strong>\u00bfCon cu\u00e1nta antelaci\u00f3n deber\u00edan las marcas reservar su espacio para la Fashion Week de Mil\u00e1n de 2026?<\/strong><span class=\"ez-toc-section-end\"><\/span><\/h2>\n\n\n\n<p class=\"wp-block-paragraph\">Los distritos m\u00e1s fuertes suelen endurecer su pol\u00edtica antes de lo que muchas marcas esperan.<\/p>\n\n\n\n<p class=\"wp-block-paragraph\">Los espacios m\u00e1s estrat\u00e9gicos casi nunca se eligen cuando se acerca la fecha de los eventos oficiales. Se reservan en cuanto las marcas definen el objetivo, el presupuesto, el formato de la campa\u00f1a y el barrio que prefieren. <\/p>\n\n\n\n<p class=\"wp-block-paragraph\">Esto se nota sobre todo en febrero y septiembre.<\/p>\n\n\n\n<h2 class=\"wp-block-heading\"><span class=\"ez-toc-section\" id=\"Lo_que_las_marcas_suelen_subestimar_a_la_hora_de_planificar_la_Fashion_Week_de_Milan\"><\/span><strong>Lo que las marcas suelen subestimar a la hora de planificar la Fashion Week de Mil\u00e1n<\/strong><span class=\"ez-toc-section-end\"><\/span><\/h2>\n\n\n\n<p class=\"wp-block-paragraph\">Mil\u00e1n es m\u00e1s compacto que Par\u00eds en cuanto a la distribuci\u00f3n de los comercios.<\/p>\n\n\n\n<p class=\"wp-block-paragraph\">Eso significa que elegir el distrito equivocado suele influir m\u00e1s en c\u00f3mo se percibe la activaci\u00f3n.<\/p>\n\n\n\n<p class=\"wp-block-paragraph\">Lo mejor es definir primero:<\/p>\n\n\n\n<ul class=\"wp-block-list\">\n<li>tanto si el objetivo es la visibilidad como la interacci\u00f3n selectiva<\/li>\n\n\n\n<li>si el formato deber\u00eda ser abierto al p\u00fablico o con cita previa<\/li>\n\n\n\n<li>si la imagen de lujo es m\u00e1s importante que el volumen de tr\u00e1fico<\/li>\n<\/ul>\n\n\n\n<h2 class=\"wp-block-heading\"><span class=\"ez-toc-section\" id=\"%C2%BFPor_que_es_importante_la_ejecucion_local_en_Milan\"><\/span><strong>\u00bfPor qu\u00e9 es importante la ejecuci\u00f3n local en Mil\u00e1n?<\/strong><span class=\"ez-toc-section-end\"><\/span><\/h2>\n\n\n\n<p class=\"wp-block-paragraph\">El \u00e9xito de una activaci\u00f3n en Mil\u00e1n rara vez depende solo de encontrar un lugar.<\/p>\n\n\n\n<p class=\"wp-block-paragraph\">Los plazos de producci\u00f3n, la log\u00edstica local, los plazos de instalaci\u00f3n y la adaptaci\u00f3n t\u00e9cnica suelen ser los factores que determinan si la puesta en marcha funciona de verdad.<\/p>\n\n\n\n<p class=\"wp-block-paragraph\"><\/p>\n\n\n\n<h2 class=\"wp-block-heading\"><span class=\"ez-toc-section\" id=\"Estamos_planeando_una_actividad_para_la_Fashion_Week_de_Milan_en_2026\"><\/span><strong>Estamos planeando una actividad para la Fashion Week de Mil\u00e1n en 2026<\/strong><span class=\"ez-toc-section-end\"><\/span><\/h2>\n\n\n\n<p class=\"wp-block-paragraph\">Las actividades que suelen funcionar mejor durante <strong>la Semana de la Moda de Mil\u00e1n<\/strong> casi nunca se deciden una vez que se anuncia el programa oficial. Para entonces, muchas de las oportunidades m\u00e1s estrat\u00e9gicas de la ciudad ya se est\u00e1n evaluando, reservando o adaptando a las necesidades muy concretas de las marcas. <\/p>\n\n\n\n<p class=\"wp-block-paragraph\">En Mil\u00e1n, elegir el espacio adecuado no suele depender tanto de la disponibilidad como de saber <strong>qu\u00e9 zona ofrece el tipo de visibilidad, p\u00fablico y posicionamiento que necesita el proyecto<\/strong>.<\/p>\n\n\n\n<p class=\"wp-block-paragraph\">Algunas marcas dan prioridad a los barrios c\u00e9ntricos de la moda, cerca de las salas de exposici\u00f3n y del flujo de compradores. Otras buscan barrios donde una tienda temporal pueda tener m\u00e1s relevancia cultural o llamar m\u00e1s la atenci\u00f3n de la gente del lugar durante la semana. <\/p>\n\n\n\n<p class=\"wp-block-paragraph\">Por eso, una de las decisiones m\u00e1s \u00fatiles en esta fase no es esperar al calendario definitivo, sino empezar pronto a comparar opciones reales y averiguar qu\u00e9 zona de Mil\u00e1n se adapta mejor al proyecto.<\/p>\n\n\n\n<p class=\"wp-block-paragraph\">Si ya est\u00e1s barajando posibilidades, un primer paso pr\u00e1ctico es echar un vistazo a las opciones disponibles aqu\u00ed:<\/p>\n\n\n\n<p class=\"wp-block-paragraph\"><a href=\"https:\/\/app.gopopup.com\/en\/search\/Milan\" rel=\"noopener\">Visita nuestro portal de espacios para eventos en Mil\u00e1n<\/a><\/p>\n\n\n\n<p class=\"wp-block-paragraph\">Y si el proyecto implica algo m\u00e1s que conseguir un local \u2014por ejemplo, la producci\u00f3n local, los permisos, la contrataci\u00f3n de personal o el apoyo a la puesta en marcha\u2014, suele ser buena idea dejarlo claro desde el principio, sobre todo en una ciudad donde la demanda se concentra r\u00e1pidamente en torno a fechas clave.<\/p>\n\n\n\n<p class=\"wp-block-paragraph\"><a href=\"https:\/\/www.gopopup.com\/es\/agencia\/\"><strong>Cu\u00e9ntanos sobre tu proyecto<\/strong><\/a><\/p>\n\n\n\n<p class=\"wp-block-paragraph\">Si tambi\u00e9n est\u00e1s pensando en otras semanas de la moda importantes de Europa, puede resultarte \u00fatil ver c\u00f3mo funciona en la pr\u00e1ctica la Semana de la Moda de Par\u00eds, sobre todo en cuanto a plazos, elecci\u00f3n del barrio y la presi\u00f3n de tener que organizarlo todo en poco tiempo.<\/p>\n\n\n\n<h2 class=\"wp-block-heading\"><span class=\"ez-toc-section\" id=\"Preguntas_frecuentes_Fashion_Week_de_Milan_de_2026_para_marcas\"><\/span><strong>Preguntas frecuentes: Fashion Week de Mil\u00e1n<\/strong> <strong>de 2026 para marcas<\/strong><span class=\"ez-toc-section-end\"><\/span><\/h2>\n\n\n\n<h3 class=\"wp-block-heading\"><span class=\"ez-toc-section\" id=\"%C2%BFCuando_es_la_Fashion_Week_de_Milan_de_Milan_de_2026\"><\/span>\u00bfCu\u00e1ndo es la Fashion Week de Mil\u00e1n de Mil\u00e1n de 2026?<span class=\"ez-toc-section-end\"><\/span><\/h3>\n\n\n\n<p class=\"wp-block-paragraph\">Los meses en los que las marcas de ventanas suelen lanzar sus novedades son enero, febrero, junio y septiembre.<\/p>\n\n\n\n<p class=\"wp-block-paragraph\">En enero y junio se da m\u00e1s importancia a la moda masculina.<\/p>\n\n\n\n<p class=\"wp-block-paragraph\">En febrero y septiembre se concentran las ediciones de moda femenina, con una mayor presi\u00f3n internacional.<\/p>\n\n\n\n<h3 class=\"wp-block-heading\"><span class=\"ez-toc-section\" id=\"%C2%BFQue_edicion_suele_funcionar_mejor_para_una_tienda_pop-up\"><\/span>\u00bfQu\u00e9 edici\u00f3n suele funcionar mejor para una tienda pop-up?<span class=\"ez-toc-section-end\"><\/span><\/h3>\n\n\n\n<p class=\"wp-block-paragraph\">Febrero y septiembre suelen ser los mejores momentos para que te vean.<\/p>\n\n\n\n<p class=\"wp-block-paragraph\">Estas semanas atraen a un n\u00famero mucho mayor de compradores, periodistas y gente del mundo del lujo.<\/p>\n\n\n\n<h3 class=\"wp-block-heading\"><span class=\"ez-toc-section\" id=\"%C2%BFCuando_deberian_empezar_a_planificarlo_las_marcas\"><\/span>\u00bfCu\u00e1ndo deber\u00edan empezar a planificarlo las marcas?<span class=\"ez-toc-section-end\"><\/span><\/h3>\n\n\n\n<p class=\"wp-block-paragraph\">Cuanto antes, mejor, sobre todo si el proyecto se centra en una zona premium concreta.<\/p>\n\n\n\n<p class=\"wp-block-paragraph\">Las mejores oportunidades casi nunca llegan tarde.<\/p>\n\n\n\n<h3 class=\"wp-block-heading\"><span class=\"ez-toc-section\" id=\"%C2%BFQue_es_mejor_una_sala_de_exposicion_o_una_tienda_temporal\"><\/span>\u00bfQu\u00e9 es mejor, una sala de exposici\u00f3n o una tienda temporal?<span class=\"ez-toc-section-end\"><\/span><\/h3>\n\n\n\n<p class=\"wp-block-paragraph\">Depende del objetivo de la marca.<\/p>\n\n\n\n<p class=\"wp-block-paragraph\">Una ventana emergente suele funcionar mejor para que se vea mejor.<\/p>\n\n\n\n<p class=\"wp-block-paragraph\">Una sala de exposiciones suele ser m\u00e1s eficaz para las reuniones con los compradores y las presentaciones organizadas.<\/p>\n\n\n\n<h2 class=\"wp-block-heading\"><span class=\"ez-toc-section\" id=\"Referencias_utiles_y_lecturas_recomendadas\"><\/span>Referencias \u00fatiles y lecturas recomendadas<span class=\"ez-toc-section-end\"><\/span><\/h2>\n\n\n\n<p class=\"wp-block-paragraph\">Si quieres saber m\u00e1s sobre la Fashion Week de Mil\u00e1n y entender c\u00f3mo funciona el calendario oficial en Italia, estas son algunas fuentes fiables:<\/p>\n\n\n\n<p class=\"wp-block-paragraph\"><strong>P\u00e1gina web oficial de la Camera Nazionale della Moda Italiana:<\/strong><br><a href=\"https:\/\/www.cameramoda.it\/en\/\" rel=\"noopener\">https:\/\/www.cameramoda.it\/en\/<\/a><\/p>\n\n\n\n<p class=\"wp-block-paragraph\"><strong>Calendario oficial de la Semana de la Moda de Mil\u00e1n:<\/strong><br><a href=\"https:\/\/www.cameramoda.it\/en\/associazione\/calendario\/\" rel=\"noopener\">https:\/\/www.cameramoda.it\/en\/associazione\/calendario\/<\/a><\/p>\n\n\n\n<p class=\"wp-block-paragraph\"><strong>Resumen hist\u00f3rico de la Semana de la Moda de Mil\u00e1n:<\/strong><br><a href=\"https:\/\/en.wikipedia.org\/wiki\/Milan_Fashion_Week\" rel=\"noopener\">https:\/\/en.wikipedia.org\/wiki\/Milan_Fashion_Week<\/a><\/p>\n\n\n\n<script type=\"application\/ld+json\">{\n  \"@context\": \"https:\/\/schema.org\",\n  \"@type\": \"FAQPage\",\n  \"mainEntity\": [\n    {\n      \"@type\": \"Question\",\n      \"name\": \"When is Milan Fashion Week 2026?\",\n      \"acceptedAnswer\": {\n        \"@type\": \"Answer\",\n        \"text\": \"Milan Fashion Week 2026 is organised around four main moments throughout the year: January, February, June and September. Each edition corresponds to specific segments, such as menswear or womenswear, and seasons such as Fall\/Winter or Spring\/Summer. February and September are usually the most relevant windows for many brands because of their stronger international visibility and higher pressure on premium spaces.\"\n      }\n    },\n    {\n      \"@type\": \"Question\",\n      \"name\": \"Which Milan Fashion Week edition is best for a pop-up?\",\n      \"acceptedAnswer\": {\n        \"@type\": \"Answer\",\n        \"text\": \"There is no single best edition, because it depends on the brand\u2019s objective. February and September usually concentrate more international movement, press and city-wide visibility, which makes them better suited for pop-ups focused on awareness and positioning. January and June are usually more suitable for showroom strategies, selective meetings or more professional formats.\"\n      }\n    },\n    {\n      \"@type\": \"Question\",\n      \"name\": \"How early should brands plan a Milan Fashion Week activation?\",\n      \"acceptedAnswer\": {\n        \"@type\": \"Answer\",\n        \"text\": \"For the editions with the highest demand, especially February and September, brands should start planning between 3 and 6 months in advance. Milan\u2019s most strategic areas, such as Quadrilatero della Moda or Brera, tend to reduce availability earlier than many brands expect. Planning early helps secure a better location, define the right format and coordinate local execution with more room.\"\n      }\n    },\n    {\n      \"@type\": \"Question\",\n      \"name\": \"Is a showroom better than a pop-up during Milan Fashion Week?\",\n      \"acceptedAnswer\": {\n        \"@type\": \"Answer\",\n        \"text\": \"It is not that one is better than the other, but that they serve different objectives. A pop-up usually works better for public visibility, brand activation or market testing. A showroom is usually more effective for buyer meetings, private appointments and professional presentations. The choice should be based on the project objective and the type of interaction the brand wants to generate during the week.\"\n      }\n    }\n  ]\n}\n<\/script>\n\n\n\n<p class=\"wp-block-paragraph\"><\/p>\n","protected":false},"excerpt":{"rendered":"<p>La Fashion Week de Mil\u00e1n sigue siendo uno de los momentos m\u00e1s estrat\u00e9gicos del a\u00f1o para las marcas que buscan ganar visibilidad en uno de los ecosistemas de venta al por menor de lujo m\u00e1s s\u00f3lidos de Europa. Para muchas marcas internacionales, conocer el calendario oficial es solo el primer paso. En la pr\u00e1ctica, la [&hellip;]<\/p>\n","protected":false},"author":12,"featured_media":25240,"comment_status":"open","ping_status":"open","sticky":false,"template":"","format":"standard","meta":{"content-type":"","gopopup_reading_time":0,"_joinchat":[],"footnotes":""},"categories":[172],"tags":[],"class_list":["post-25234","post","type-post","status-publish","format-standard","has-post-thumbnail","hentry","category-fashion-week"],"_links":{"self":[{"href":"https:\/\/www.gopopup.com\/es\/wp-json\/wp\/v2\/posts\/25234","targetHints":{"allow":["GET"]}}],"collection":[{"href":"https:\/\/www.gopopup.com\/es\/wp-json\/wp\/v2\/posts"}],"about":[{"href":"https:\/\/www.gopopup.com\/es\/wp-json\/wp\/v2\/types\/post"}],"author":[{"embeddable":true,"href":"https:\/\/www.gopopup.com\/es\/wp-json\/wp\/v2\/users\/12"}],"replies":[{"embeddable":true,"href":"https:\/\/www.gopopup.com\/es\/wp-json\/wp\/v2\/comments?post=25234"}],"version-history":[{"count":3,"href":"https:\/\/www.gopopup.com\/es\/wp-json\/wp\/v2\/posts\/25234\/revisions"}],"predecessor-version":[{"id":25745,"href":"https:\/\/www.gopopup.com\/es\/wp-json\/wp\/v2\/posts\/25234\/revisions\/25745"}],"wp:featuredmedia":[{"embeddable":true,"href":"https:\/\/www.gopopup.com\/es\/wp-json\/wp\/v2\/media\/25240"}],"wp:attachment":[{"href":"https:\/\/www.gopopup.com\/es\/wp-json\/wp\/v2\/media?parent=25234"}],"wp:term":[{"taxonomy":"category","embeddable":true,"href":"https:\/\/www.gopopup.com\/es\/wp-json\/wp\/v2\/categories?post=25234"},{"taxonomy":"post_tag","embeddable":true,"href":"https:\/\/www.gopopup.com\/es\/wp-json\/wp\/v2\/tags?post=25234"}],"curies":[{"name":"wp","href":"https:\/\/api.w.org\/{rel}","templated":true}]}}